{"id":6516,"date":"2020-03-18T10:55:53","date_gmt":"2020-03-18T09:55:53","guid":{"rendered":"https:\/\/sozo.cz\/?p=6516"},"modified":"2021-01-27T11:26:22","modified_gmt":"2021-01-27T10:26:22","slug":"uvaha-na-zaver-sezony","status":"publish","type":"post","link":"https:\/\/sozo.cz\/?p=6516","title":{"rendered":"\u00davaha na z\u00e1v\u011br sez\u00f3ny"},"content":{"rendered":"<p>Zimn\u00ed m\u011bs\u00edce jsou pro m\u011b takovou po\u010d\u00edta\u010dovou sez\u00f3nou a jakmile vykouknou ze zem\u011b prvn\u00ed kytky, l\u00e1k\u00e1 m\u011b to ven a zahradni\u010d\u00edm. Do V\u00e1noc jsem Nepekeln\u00e9 Bibli v\u011bnovala ka\u017edou volnou chvilku, a pak jsem n\u011bjak do\u0161la k z\u00e1v\u011bru, \u017ee nem\u00e1 cenu sp\u011bchat. P\u0159eklad v tuhle chv\u00edli vid\u00edm je\u0161t\u011b tak na 2-3 roky a chci se mu intenzivn\u011bji v\u011bnovat jen na podzim a v zim\u011b.<\/p>\n<p>V tuhle chv\u00edli je automaticky p\u0159elo\u017een\u00e1 Strongova konkordance pro Nov\u00fd z\u00e1kon. Nem\u00e1 to valnou \u00farove\u0148. M\u00e1m sice n\u011bjak\u00fd program, ve kter\u00e9m to opravuji, ale mysl\u00edm, \u017ee to bez znalosti \u0159e\u010dtiny dohromady ned\u00e1m. Ka\u017edop\u00e1dn\u011b se t\u00edm snad pomalu p\u0159es l\u00e9to prokou\u0161u, aby to aspo\u0148 trochu fungovalo v pracovn\u00edm re\u017eimu, a pak budu pokra\u010dovat v p\u0159ekladu.<\/p>\n<p>Snad jen takov\u00e9 mal\u00e9 zamy\u0161len\u00ed na z\u00e1v\u011br. Setk\u00e1v\u00e1m se s vlnou odporu v\u016f\u010di sv\u00fdm n\u00e1zor\u016fm a samoz\u0159ejm\u011b jsem s t\u00edm po\u010d\u00edtala. Ale mus\u00edm \u0159\u00edct, \u017ee jsem ze sou\u010dasn\u00e9 k\u0159es\u0165ansk\u00e9 atmosf\u00e9ry trochu unaven\u00e1.<\/p>\n<p>Uv\u011b\u0159ila jsem je\u0161t\u011b na z\u00e1kladce a m\u00e1 cesta s Bohem trv\u00e1 u\u017e skoro t\u0159icet let. P\u0159esto a\u017e v posledn\u00ed rok mi do sebe za\u010daly r\u016fzn\u00e9 v\u011bci n\u011bjak v\u00edc zapadat a m\u00e1m za to, \u017ee jsem p\u0159edt\u00edm provozovala jak\u00e9si \u201edojmov\u00e9\u201c \u010dten\u00ed Bible. D\u00e1m jeden p\u0159\u00edklad za v\u0161echny \u2013 t\u0159eba jsme si na z\u00e1klad\u011b Zjeven\u00ed 10\/6 myslela, \u017ee jednou p\u0159estane existovat \u010das a nikdy m\u011b ani nenapadlo se pod\u00edvat do slovn\u00edku, kde bych zjistila, \u017ee to slovo znamen\u00e1 i zdr\u017een\u00ed. A tenhle p\u0159\u00edstup vid\u00edm kolem sebe hodn\u011b.<\/p>\n<p>Lid\u00e9 maj\u00ed mnohdy jen ur\u010dit\u00e9 dojmy o v\u011bcech, o kter\u00fdch toho moc nev\u00ed, ale jak\u00fdkoliv jin\u00fd n\u00e1zor je tak nebezpe\u010dn\u00fd, \u017ee se mu zuby nehty br\u00e1n\u00ed, zu\u0159iv\u011b kolem sebe m\u00e1vaj\u00ed, jako by odh\u00e1n\u011bli vosu a samoz\u0159ejm\u011b ka\u017ed\u00fd v\u00ed, \u017ee zrovna on v\u00ed v\u0161echno nejl\u00e9pe. N\u011bkdo z t\u011bch v\u0161ech, kdo to v\u00ed nejl\u00e9pe, se samoz\u0159ejm\u011b mus\u00ed pl\u00e9st, ale v\u017edy jsou to ti druz\u00ed.<\/p>\n<p>Kdysi jsem byla v knihovn\u011b teologick\u00e9 fakulty a je to podivn\u00fd pocit, kdy\u017e vid\u00edte ty nekone\u010dn\u00e9 \u0159ady reg\u00e1l\u016f napsan\u00fdch na z\u00e1klad\u011b jedn\u00e9 kn\u00ed\u017eky. Kdy\u017e p\u0159em\u00fd\u0161l\u00edm v posledn\u00edch m\u011bs\u00edc\u00edch o sv\u00e9m vyzn\u00e1n\u00ed v\u00edry, tak mi st\u00e1le d\u016fle\u017eit\u011bj\u0161\u00ed p\u0159ipad\u00e1 takov\u00e9 praktick\u00e9 dobro \u2013 Jan shrnuje v\u0161e do slova l\u00e1ska, Jakub \u0159\u00edk\u00e1, \u017ee lid\u00e9 maj\u00ed db\u00e1t o sirotky a vdovy \u2013 tedy ty nejslab\u0161\u00ed ve spole\u010dnosti.<\/p>\n<p>Lid\u00e9 maj\u00ed o univerzalismu r\u016fzn\u00e9 p\u0159edsudky, ale nejv\u011bt\u0161\u00ed probl\u00e9m maj\u00ed v tom, \u017ee jim to p\u0159ipad\u00e1 jako svod, kter\u00fd ostatn\u00ed nechr\u00e1n\u00ed p\u0159ed v\u011b\u010dn\u00fdm ohn\u011bm a nebo je tam p\u0159\u00edmo uv\u00e1d\u00ed. Co jsem tohle u\u010den\u00ed opustila, vid\u00edm zase j\u00e1 ur\u010dit\u00e1 nebezpe\u010d\u00ed v tom soust\u0159ed\u011bn\u00ed se jen na v\u011b\u010dnost:<\/p>\n<ul>\n<li>rozd\u011blov\u00e1n\u00ed spole\u010dnosti na \u201emy\u201c a \u201eoni\u201c &#8211; \u010dlov\u011bk to ani nemus\u00ed cht\u00edt d\u011blat, ale stejn\u011b a\u017e od chv\u00edle, kdy jsem uv\u011b\u0159ila, \u017ee B\u016fh je zachr\u00e1nce v\u0161ech a ka\u017ed\u00fd jazyk vzd\u00e1 Bohu chv\u00e1lu, tak pro m\u011b maj\u00ed nev\u011b\u0159\u00edc\u00ed a to, co d\u011blaj\u00ed, mnohem v\u011bt\u0161\u00ed hodnotu<\/li>\n<li>pokud by ta v\u011b\u010dn\u00e1 z\u00e1chrana byla zaji\u0161t\u011bn\u00e1, tak pak pova\u017euji za marn\u011bn\u00ed \u010dasu zachra\u0148ovat lidi p\u0159ed v\u011b\u010dn\u00fdm zatracen\u00edm, ale m\u00edsto toho by se m\u011bl \u010dlov\u011bk soust\u0159edit na to praktick\u00e9 dobr\u00e9 na zemi<\/li>\n<li>kdy\u017e \u010dlov\u011bk p\u0159estane v\u011b\u0159it ve vytr\u017een\u00ed a budouc\u00ed apokalypsu, tak za\u010dne p\u0159em\u00fd\u0161let dlouhodob\u011bji<\/li>\n<li>a hlavn\u011b \u2013 chyby jsou dovolen\u00e9. Pokud toti\u017e na\u0161e chyby nejsou fat\u00e1ln\u00ed, tak z nich nemus\u00edme m\u00edt takov\u00fd strach a bojovat s takovou nevra\u017eivost\u00ed proti t\u011bm, kdo je d\u011blaj\u00ed \u2013 v\u0161ak ono jim to jednou dojde<\/li>\n<li>tohle ale nen\u00ed nab\u00e1d\u00e1n\u00ed k pasivit\u011b, jak si n\u011bkte\u0159\u00ed mysl\u00ed. N\u011bkte\u0159\u00ed lid\u00e9 relativizuj\u00ed v\u0161echno, ale pro m\u011b byla zku\u0161enost obr\u00e1cen\u00ed velmi \u017eiv\u00e1 a z\u00e1sadn\u00ed \u2013 B\u016fh ve Star\u00e9m z\u00e1kon\u011b \u0159\u00edk\u00e1, \u017ee ud\u011bl\u00e1 novou smlouvu, d\u00e1 n\u00e1m nov\u00e9 srdce a do n\u011bj sv\u00e9 z\u00e1kony a tohle zm\u011bnilo m\u016fj \u017eivot<\/li>\n<li>kdy\u017e jsem vid\u011bla \u010c\u00ed\u0148any v chemick\u00fdch oblec\u00edch, jak rozd\u00e1vaj\u00ed rou\u0161ky a let\u00e1ky o ohniv\u00e9m jeze\u0159e, tak mi to p\u0159i\u0161lo sp\u00ed\u0161 smutn\u00e9, to u\u017e je mi n\u011bjak bli\u017e\u0161\u00ed, kdy\u017e Akiane Kramarik maluje obrazy nebe a pen\u00edze d\u00e1v\u00e1 na charitu<\/li>\n<li>t\u00edm v\u0161\u00edm chci jen \u0159\u00edct, \u017ee u\u017e m\u011b n\u011bjak unavuje teologie i k\u0159es\u0165ansk\u00e1 nevra\u017eivost a \u017ee v tuhle chv\u00edli mi nejd\u016fle\u017eit\u011bj\u0161\u00ed p\u0159ipad\u00e1 \u0159\u00edct lidem, \u017ee jim B\u016fh chce d\u00e1t nov\u00e9 srdce a p\u0159em\u00fd\u0161let o tom, co dobr\u00e9ho lze d\u011blat pro lidi kolem sebe<\/li>\n<li>bohu\u017eel u\u017e te\u010f kolem sebe vid\u00edme lidi, kter\u00fdm karant\u00e9na za\u010d\u00edn\u00e1 p\u016fsobit existen\u010dn\u00ed probl\u00e9my, tak\u017ee p\u0159\u00edle\u017eitosti k tomu jsou<\/li>\n<\/ul>\n<p>K\u00e9\u017e by k\u0159es\u0165an\u00e9 na chv\u00edli zapomn\u011bli na to, \u017ee se mus\u00ed oso\u010dovat a h\u00e1dat ve jm\u00e9nu l\u00e1sky (k tomu nejlep\u0161\u00edmu pozn\u00e1n\u00ed, kter\u00e9 maj\u00ed zrovna oni), dovolili si navz\u00e1jem m\u00fdlit se a d\u011blat chyby, dok\u00e1zali se respektovat a d\u011blat n\u011bco u\u017eite\u010dn\u00e9ho. Nen\u00ed toti\u017e nic divn\u011bj\u0161\u00edho, ne\u017e kdy\u017e v\u00e1m n\u011bkdo, kdo je p\u0159esv\u011bd\u010den\u00fd, \u017ee v\u00ed v\u0161echno l\u00e9pe ne\u017e vy, vr\u00e1\u017e\u00ed kudlu do zad ve jm\u00e9nu vy\u0161\u0161\u00edho dobra.<\/p>\n<p><a href=\"http:\/\/nepekelnabible.cz\/\" target=\"_blank\" rel=\"noopener noreferrer\">nepekelnabible.cz<\/a><\/p>\n","protected":false},"excerpt":{"rendered":"<p>Zimn\u00ed m\u011bs\u00edce jsou pro m\u011b takovou po\u010d\u00edta\u010dovou sez\u00f3nou a jakmile vykouknou ze zem\u011b prvn\u00ed kytky, l\u00e1k\u00e1 m\u011b to ven a zahradni\u010d\u00edm. Do V\u00e1noc jsem Nepekeln\u00e9 Bibli v\u011bnovala ka\u017edou volnou chvilku, a pak jsem n\u011bjak do\u0161la k z\u00e1v\u011bru, \u017ee nem\u00e1 cenu sp\u011bchat. P\u0159eklad v tuhle chv\u00edli vid\u00edm je\u0161t\u011b tak na 2-3 [&hellip;]<\/p>\n","protected":false},"author":1,"featured_media":0,"comment_status":"closed","ping_status":"open","sticky":false,"template":"","format":"standard","meta":{"_jetpack_memberships_contains_paid_content":false,"footnotes":""},"categories":[116],"tags":[99],"class_list":["post-6516","post","type-post","status-publish","format-standard","hentry","category-universalismus","tag-nepekelna-bible"],"jetpack_featured_media_url":"","jetpack_sharing_enabled":true,"_links":{"self":[{"href":"https:\/\/sozo.cz\/index.php?rest_route=\/wp\/v2\/posts\/6516","targetHints":{"allow":["GET"]}}],"collection":[{"href":"https:\/\/sozo.cz\/index.php?rest_route=\/wp\/v2\/posts"}],"about":[{"href":"https:\/\/sozo.cz\/index.php?rest_route=\/wp\/v2\/types\/post"}],"author":[{"embeddable":true,"href":"https:\/\/sozo.cz\/index.php?rest_route=\/wp\/v2\/users\/1"}],"replies":[{"embeddable":true,"href":"https:\/\/sozo.cz\/index.php?rest_route=%2Fwp%2Fv2%2Fcomments&post=6516"}],"version-history":[{"count":1,"href":"https:\/\/sozo.cz\/index.php?rest_route=\/wp\/v2\/posts\/6516\/revisions"}],"predecessor-version":[{"id":6517,"href":"https:\/\/sozo.cz\/index.php?rest_route=\/wp\/v2\/posts\/6516\/revisions\/6517"}],"wp:attachment":[{"href":"https:\/\/sozo.cz\/index.php?rest_route=%2Fwp%2Fv2%2Fmedia&parent=6516"}],"wp:term":[{"taxonomy":"category","embeddable":true,"href":"https:\/\/sozo.cz\/index.php?rest_route=%2Fwp%2Fv2%2Fcategories&post=6516"},{"taxonomy":"post_tag","embeddable":true,"href":"https:\/\/sozo.cz\/index.php?rest_route=%2Fwp%2Fv2%2Ftags&post=6516"}],"curies":[{"name":"wp","href":"https:\/\/api.w.org\/{rel}","templated":true}]}}