{"id":6523,"date":"2020-03-21T00:01:50","date_gmt":"2020-03-20T23:01:50","guid":{"rendered":"https:\/\/sozo.cz\/?p=6523"},"modified":"2021-01-27T11:26:22","modified_gmt":"2021-01-27T10:26:22","slug":"k-poplasnym-zpravam-o-dalsim-znameni-konce","status":"publish","type":"post","link":"https:\/\/sozo.cz\/?p=6523","title":{"rendered":"K popla\u0161n\u00fdm zpr\u00e1v\u00e1m o tzv. dal\u0161\u00edm znamen\u00ed konce"},"content":{"rendered":"\n<p>Nem\u00e1m nic proti povzbuzen\u00ed. Na jednu v\u011bc v\u0161ak mus\u00edm reagovat. V\u0161ude na k\u0159es\u0165ansk\u00fdch profilech se nat\u00edraj\u00ed futra krv\u00ed a p\u0159ed\u010d\u00edt\u00e1 se \u017dalm 91. Tedy sl\u00edben\u00e9 ochrany, \u017ee se nic zl\u00e9ho k n\u00e1m ani nep\u0159ibl\u00ed\u017e\u00ed. Ale co v p\u0159\u00edpad\u011b, \u017ee p\u0159ibl\u00ed\u017e\u00ed? Na z\u00e1klad\u011b t\u011bchto rovnicov\u00fdch my\u0161len\u00ed, se takov\u00fd \u010dlov\u011bk mus\u00ed dostat do velk\u00fdch vnit\u0159n\u00edch konflikt\u016f. Kain\u016fv cejch, Bo\u017e\u00ed trest, nep\u0159ipraven v posledn\u00edm \u010dase apod. Nedivil bych se, kdyby n\u011bkter\u00e9 k\u0159es\u0165any napadlo, \u017ee by onemocn\u011bn\u00ed covidem -19 bylo lep\u0161\u00ed p\u0159ed soukmenovci rad\u011bji utajit. Proto\u017ee tak, jak je rozehr\u00e1no, to bude jist\u011b vhodn\u00e1 p\u0159\u00edle\u017eitost onoho posti\u017een\u00e9ho zpochybnit. Aby nedo\u0161lo k omylu, v\u011b\u0159\u00edm v Bo\u017e\u00ed ochranu, ale nemoc nen\u00ed Bo\u017e\u00edm trestem, ani n\u00e1strojem u\u010deni a ani zn\u00e1mka, \u017ee jsi hor\u0161\u00ed ne\u017e druz\u00ed. Nejde ani o znamen\u00ed posledn\u00edch \u010das\u016f. Je to boj s celosv\u011btovou pandemii, kter\u00e1 se tu \u010das od \u010dasu objevuje. V \u010dase globalizace, p\u0159irozen\u011b dramaticky. A i kdybys onemocn\u011bl, nen\u00ed to konec a ani to neznamen\u00e1 nic &#8222;za oponou&#8220;. Otec um\u00ed uzdravit, \u017eije v tob\u011b v nemoci i radosti. Mnoho zdrav\u00ed v\u0161em.<\/p>\n\n\n\n<p>Robert Krej\u010d\u00ed<\/p>\n","protected":false},"excerpt":{"rendered":"<p>Nem\u00e1m nic proti povzbuzen\u00ed. Na jednu v\u011bc v\u0161ak mus\u00edm reagovat. V\u0161ude na k\u0159es\u0165ansk\u00fdch profilech se nat\u00edraj\u00ed futra krv\u00ed a p\u0159ed\u010d\u00edt\u00e1 se \u017dalm 91. Tedy sl\u00edben\u00e9 ochrany, \u017ee se nic zl\u00e9ho k n\u00e1m ani nep\u0159ibl\u00ed\u017e\u00ed. Ale co v p\u0159\u00edpad\u011b, \u017ee p\u0159ibl\u00ed\u017e\u00ed? Na z\u00e1klad\u011b t\u011bchto rovnicov\u00fdch my\u0161len\u00ed, se takov\u00fd \u010dlov\u011bk mus\u00ed dostat [&hellip;]<\/p>\n","protected":false},"author":1,"featured_media":0,"comment_status":"closed","ping_status":"open","sticky":false,"template":"","format":"standard","meta":{"_jetpack_memberships_contains_paid_content":false,"footnotes":""},"categories":[114],"tags":[63],"class_list":["post-6523","post","type-post","status-publish","format-standard","hentry","category-posledni_doba","tag-robert-krejci"],"jetpack_featured_media_url":"","jetpack_sharing_enabled":true,"_links":{"self":[{"href":"https:\/\/sozo.cz\/index.php?rest_route=\/wp\/v2\/posts\/6523","targetHints":{"allow":["GET"]}}],"collection":[{"href":"https:\/\/sozo.cz\/index.php?rest_route=\/wp\/v2\/posts"}],"about":[{"href":"https:\/\/sozo.cz\/index.php?rest_route=\/wp\/v2\/types\/post"}],"author":[{"embeddable":true,"href":"https:\/\/sozo.cz\/index.php?rest_route=\/wp\/v2\/users\/1"}],"replies":[{"embeddable":true,"href":"https:\/\/sozo.cz\/index.php?rest_route=%2Fwp%2Fv2%2Fcomments&post=6523"}],"version-history":[{"count":2,"href":"https:\/\/sozo.cz\/index.php?rest_route=\/wp\/v2\/posts\/6523\/revisions"}],"predecessor-version":[{"id":6525,"href":"https:\/\/sozo.cz\/index.php?rest_route=\/wp\/v2\/posts\/6523\/revisions\/6525"}],"wp:attachment":[{"href":"https:\/\/sozo.cz\/index.php?rest_route=%2Fwp%2Fv2%2Fmedia&parent=6523"}],"wp:term":[{"taxonomy":"category","embeddable":true,"href":"https:\/\/sozo.cz\/index.php?rest_route=%2Fwp%2Fv2%2Fcategories&post=6523"},{"taxonomy":"post_tag","embeddable":true,"href":"https:\/\/sozo.cz\/index.php?rest_route=%2Fwp%2Fv2%2Ftags&post=6523"}],"curies":[{"name":"wp","href":"https:\/\/api.w.org\/{rel}","templated":true}]}}