{"id":6763,"date":"2020-04-10T09:05:24","date_gmt":"2020-04-10T07:05:24","guid":{"rendered":"https:\/\/sozo.cz\/?p=6763"},"modified":"2021-01-27T11:26:22","modified_gmt":"2021-01-27T10:26:22","slug":"jak-to-casove-bylo-opravdu-o-velikonocich","status":"publish","type":"post","link":"https:\/\/sozo.cz\/?p=6763","title":{"rendered":"Jak to \u010dasov\u011b bylo o Velikonoc\u00edch"},"content":{"rendered":"<p><em>\u201eJako byl Jon\u00e1\u0161 t\u0159i dny a t\u0159i noci v b\u0159i\u0161e velryby, tak bude Syn \u010dlov\u011bka t\u0159i dny a t\u0159i noci v srdci zem\u011b.\u201c<\/em><\/p>\n<p>JE\u017d\u00cd\u0160 byl k\u0159i\u017eov\u00e1n den p\u0159ed sobotou (den p\u0159\u00edprav \u2013 Je\u017e\u00ed\u0161 byl k\u0159i\u017eov\u00e1n, p\u0159esn\u011b jako ber\u00e1nek v p\u0159\u00edpravn\u011b) hodu Ber\u00e1nka (p\u0159ed pesachovou ve\u010de\u0159\u00ed) Jan 18,28 a zem\u0159el p\u00e1r hodin p\u0159ed za\u010d\u00e1tkem soboty <em><strong>Mk 15,42<\/strong><\/em>. Jestli\u017ee by se jednalo o p\u00e1tek, byl by v hrob\u011b cca 36 hodin (1,5 dne), co\u017e je nesmysl.<br \/>\nSv\u00e1tek pesach (trv\u00e1 7 dn\u00ed a prvn\u00ed a posledn\u00ed den je \u0161abatov\u00fd), \u0159\u00edk\u00e1 se mu tak\u00e9 sobota. Tud\u00ed\u017e pesachov\u00e1 sobota mohla b\u00fdt jak\u00fdkoliv den.<br \/>\nJe\u017e\u00ed\u0161e 1-2 hodiny p\u0159ed zah\u00e1jen\u00edm sv\u00e1tku pochoval Josef z Arimatie. P\u0159idaly se k n\u011bmu i \u017eeny, kter\u00e9 s Je\u017e\u00ed\u0161em p\u0159i\u0161ly z Galileje. Vid\u011bly hrob i to, jak bylo t\u011blo pochov\u00e1no. \u017deny vid\u011bly, kam je pochov\u00e1n. Ihned po pochov\u00e1n\u00ed nastala Pesachov\u00e1 sobota a do n\u00e1sleduj\u00edc\u00edho ve\u010dera nemohly d\u011blat nic. N\u00e1sleduj\u00edc\u00ed den nakoupily masti <em><strong>Mk 16,1<\/strong><\/em> a musely je p\u0159ipravit <em><strong>Luk 23,55<\/strong><\/em> n\u00e1sledovala ov\u0161em klasick\u00e1 sobota, tak\u017ee se k hrobu op\u011bt nedostaly. Nakoupily po sobot\u011b a p\u0159ipravily p\u0159ed sobotou, co\u017e by technicky ne\u0161lo, kdyby ona pesachov\u00e1 sobota nebyla ve \u010dtvrtek. A mohly a\u017e za sv\u011btla v ned\u011bli r\u00e1no, to u\u017e byl hrob pr\u00e1zdn\u00fd. <em><strong>Luk 24,1<\/strong><\/em>.(Prvn\u00ed den v t\u00fddnu byla ned\u011ble). Je\u017e\u00ed\u0161 vstal po t\u0159ech dnech (<em><strong>Mk.8,31<\/strong><\/em>) n\u011bkdy v noci ze soboty na ned\u011bli.<\/p>\n<p>St\u0159eda &#8211; den p\u0159\u00edprav \u2013 Je\u017e\u00ed\u0161 k\u0159i\u017eov\u00e1n \u2013 9:00 \u2013 15:00. Pak Josef Arimatsk\u00fd jedn\u00e1 z Pil\u00e1tem o Je\u017e\u00ed\u0161ovo t\u011blo a pochov\u00e1v\u00e1 ho n\u011bkdy na konci st\u0159edy a za\u010d\u00e1tku \u010dtvrtka (tedy pesachov\u00e9 soboty).<br \/>\n\u010ctvrtek \u2013 Pesachov\u00fd \u0161abat \u2013 nikdo nic ned\u011bl\u00e1 (1 noc a 1 den)<br \/>\nP\u00e1tek \u2013 b\u011b\u017en\u00fd den, \u017eeny nakupuj\u00ed masti, oleje a p\u0159ipravuj\u00ed, aby v\u0161e stihly p\u0159ed b\u011b\u017enou sobotou (2 noc a 2 den)<br \/>\nSobota \u2013 klasick\u00e1 sobota nikdo nic ned\u011bl\u00e1 ( 3 noc a 3 den)<br \/>\nNed\u011ble \u2013 Po t\u0159ech noc\u00edch a dnech Je\u017e\u00ed\u0161 vst\u00e1v\u00e1 n\u011bkdy mezi sobotou a ned\u011bl\u00ed z hrobu). Hned po rozb\u0159esku jdou \u017eeny ke hrobu z mastmi a oleji, ten je v\u0161ak ji\u017e pr\u00e1zdn\u00fd.<\/p>\n","protected":false},"excerpt":{"rendered":"<p>\u201eJako byl Jon\u00e1\u0161 t\u0159i dny a t\u0159i noci v b\u0159i\u0161e velryby, tak bude Syn \u010dlov\u011bka t\u0159i dny a t\u0159i noci v srdci zem\u011b.\u201c JE\u017d\u00cd\u0160 byl k\u0159i\u017eov\u00e1n den p\u0159ed sobotou (den p\u0159\u00edprav \u2013 Je\u017e\u00ed\u0161 byl k\u0159i\u017eov\u00e1n, p\u0159esn\u011b jako ber\u00e1nek v p\u0159\u00edpravn\u011b) hodu Ber\u00e1nka (p\u0159ed pesachovou ve\u010de\u0159\u00ed) Jan 18,28 a zem\u0159el p\u00e1r [&hellip;]<\/p>\n","protected":false},"author":1,"featured_media":8330,"comment_status":"closed","ping_status":"open","sticky":false,"template":"","format":"standard","meta":{"_jetpack_memberships_contains_paid_content":false,"footnotes":""},"categories":[5,116],"tags":[63],"class_list":["post-6763","post","type-post","status-publish","format-standard","has-post-thumbnail","hentry","category-clanky","category-universalismus","tag-robert-krejci"],"jetpack_featured_media_url":"https:\/\/sozo.cz\/wp-content\/uploads\/2020\/04\/hrob-1.png","jetpack_sharing_enabled":true,"_links":{"self":[{"href":"https:\/\/sozo.cz\/index.php?rest_route=\/wp\/v2\/posts\/6763","targetHints":{"allow":["GET"]}}],"collection":[{"href":"https:\/\/sozo.cz\/index.php?rest_route=\/wp\/v2\/posts"}],"about":[{"href":"https:\/\/sozo.cz\/index.php?rest_route=\/wp\/v2\/types\/post"}],"author":[{"embeddable":true,"href":"https:\/\/sozo.cz\/index.php?rest_route=\/wp\/v2\/users\/1"}],"replies":[{"embeddable":true,"href":"https:\/\/sozo.cz\/index.php?rest_route=%2Fwp%2Fv2%2Fcomments&post=6763"}],"version-history":[{"count":3,"href":"https:\/\/sozo.cz\/index.php?rest_route=\/wp\/v2\/posts\/6763\/revisions"}],"predecessor-version":[{"id":6791,"href":"https:\/\/sozo.cz\/index.php?rest_route=\/wp\/v2\/posts\/6763\/revisions\/6791"}],"wp:featuredmedia":[{"embeddable":true,"href":"https:\/\/sozo.cz\/index.php?rest_route=\/wp\/v2\/media\/8330"}],"wp:attachment":[{"href":"https:\/\/sozo.cz\/index.php?rest_route=%2Fwp%2Fv2%2Fmedia&parent=6763"}],"wp:term":[{"taxonomy":"category","embeddable":true,"href":"https:\/\/sozo.cz\/index.php?rest_route=%2Fwp%2Fv2%2Fcategories&post=6763"},{"taxonomy":"post_tag","embeddable":true,"href":"https:\/\/sozo.cz\/index.php?rest_route=%2Fwp%2Fv2%2Ftags&post=6763"}],"curies":[{"name":"wp","href":"https:\/\/api.w.org\/{rel}","templated":true}]}}