{"id":7384,"date":"2020-07-08T23:52:10","date_gmt":"2020-07-08T21:52:10","guid":{"rendered":"https:\/\/sozo.cz\/?p=7384"},"modified":"2021-01-27T11:26:20","modified_gmt":"2021-01-27T10:26:20","slug":"jezis-zrejme-nemuvil-do-vetru","status":"publish","type":"post","link":"https:\/\/sozo.cz\/?p=7384","title":{"rendered":"Je\u017e\u00ed\u0161 z\u0159ejm\u011b nemuvil do v\u011btru"},"content":{"rendered":"\n<p>Tou\u017eebn\u00e9 vyhl\u00ed\u017een\u00ed Kristova n\u00e1vratu, sp\u00ed\u0161e ne\u017e na oddanost, ukazuje na hluboce zako\u0159en\u011bn\u00e9 v\u011bdom\u00ed neust\u00e1l\u00e9ho odd\u011blen\u00ed. Pokud nedok\u00e1\u017eeme vid\u011bt, \u017ee mezi n\u00e1mi a Bohem ji\u017e k naprost\u00e9mu, neodd\u011bliteln\u00e9mu propojen\u00ed d\u00e1vno do\u0161lo, jeho fyzick\u00e1 p\u0159\u00edtomnost by k na\u0161\u00ed intimit\u011b s n\u00edm nep\u0159idala, ani co by se za nehet ve\u0161lo. V mnoha takto \u017eij\u00edc\u00edch, vyhladov\u011bl\u00fdch a Krista volaj\u00edc\u00edch k\u0159es\u0165anech, by tato tou\u017eebn\u011b o\u010dek\u00e1van\u00e1 fyzick\u00e1 p\u0159\u00edtomnost, \u0159e\u0161\u00edc\u00ed \u00fadajn\u011b v\u0161echny jejich probl\u00e9my, nevy\u0159e\u0161ila v\u016fbec nic. B\u016fh nen\u00ed kouzeln\u00edk, kter\u00fd m\u00e1vnut\u00edm bibl\u00ed vy\u010daruje vztah. Troufnu si dokonce poved\u011bt, \u017ee by toto v\u011bdom\u00ed odd\u011blenosti naopak mnohem v\u00edce prohloubila. V\u017edy\u0165 by se r\u00e1zem stali jedn\u00edm z davu, hled\u00edc\u00edc\u00ed kamsi dop\u0159edu k velk\u00e9mu tr\u016fnu, kde by sed\u011bl jejich B\u016fh, na kter\u00e9ho by si museli vyst\u00e1t hodn\u011b dlouhou frontu. Je\u017e\u00ed\u0161 z\u0159ejm\u011b nemuvil do v\u011btru, kdy\u017e \u0159\u00edkal, \u017ee jeho fyzick\u00fd odchod pro n\u00e1s bude daleko lep\u0161\u00ed.<\/p>\n","protected":false},"excerpt":{"rendered":"<p>Tou\u017eebn\u00e9 vyhl\u00ed\u017een\u00ed Kristova n\u00e1vratu, sp\u00ed\u0161e ne\u017e na oddanost, ukazuje na hluboce zako\u0159en\u011bn\u00e9 v\u011bdom\u00ed neust\u00e1l\u00e9ho odd\u011blen\u00ed. Pokud nedok\u00e1\u017eeme vid\u011bt, \u017ee mezi n\u00e1mi a Bohem ji\u017e k naprost\u00e9mu, neodd\u011bliteln\u00e9mu propojen\u00ed d\u00e1vno do\u0161lo, jeho fyzick\u00e1 p\u0159\u00edtomnost by k na\u0161\u00ed intimit\u011b s n\u00edm nep\u0159idala, ani co by se za nehet ve\u0161lo. V mnoha takto [&hellip;]<\/p>\n","protected":false},"author":1,"featured_media":0,"comment_status":"closed","ping_status":"open","sticky":false,"template":"","format":"standard","meta":{"_jetpack_memberships_contains_paid_content":false,"footnotes":""},"categories":[110],"tags":[34],"class_list":["post-7384","post","type-post","status-publish","format-standard","hentry","category-vytrzeni","tag-sozo"],"jetpack_featured_media_url":"","jetpack_sharing_enabled":true,"_links":{"self":[{"href":"https:\/\/sozo.cz\/index.php?rest_route=\/wp\/v2\/posts\/7384","targetHints":{"allow":["GET"]}}],"collection":[{"href":"https:\/\/sozo.cz\/index.php?rest_route=\/wp\/v2\/posts"}],"about":[{"href":"https:\/\/sozo.cz\/index.php?rest_route=\/wp\/v2\/types\/post"}],"author":[{"embeddable":true,"href":"https:\/\/sozo.cz\/index.php?rest_route=\/wp\/v2\/users\/1"}],"replies":[{"embeddable":true,"href":"https:\/\/sozo.cz\/index.php?rest_route=%2Fwp%2Fv2%2Fcomments&post=7384"}],"version-history":[{"count":2,"href":"https:\/\/sozo.cz\/index.php?rest_route=\/wp\/v2\/posts\/7384\/revisions"}],"predecessor-version":[{"id":7388,"href":"https:\/\/sozo.cz\/index.php?rest_route=\/wp\/v2\/posts\/7384\/revisions\/7388"}],"wp:attachment":[{"href":"https:\/\/sozo.cz\/index.php?rest_route=%2Fwp%2Fv2%2Fmedia&parent=7384"}],"wp:term":[{"taxonomy":"category","embeddable":true,"href":"https:\/\/sozo.cz\/index.php?rest_route=%2Fwp%2Fv2%2Fcategories&post=7384"},{"taxonomy":"post_tag","embeddable":true,"href":"https:\/\/sozo.cz\/index.php?rest_route=%2Fwp%2Fv2%2Ftags&post=7384"}],"curies":[{"name":"wp","href":"https:\/\/api.w.org\/{rel}","templated":true}]}}