{"id":7698,"date":"2020-09-17T08:40:34","date_gmt":"2020-09-17T06:40:34","guid":{"rendered":"https:\/\/sozo.cz\/?p=7698"},"modified":"2021-01-27T11:26:01","modified_gmt":"2021-01-27T10:26:01","slug":"evangelista-nebo-pekelnik","status":"publish","type":"post","link":"https:\/\/sozo.cz\/?p=7698","title":{"rendered":"Evangelista nebo pekeln\u00edk?"},"content":{"rendered":"<p>Na ot\u00e1zku, pro\u010d v\u0161ichni k\u0159es\u0165an\u00e9 mus\u00ed k\u00e1zat tzv. evangelium, ka\u017ed\u00fd k\u0159es\u0165an odpov\u00ed: &#8222;Abych zachr\u00e1nil co nejv\u00edc lid\u00ed p\u0159ed peklem&#8220;. Kdy\u017e pomineme, \u017ee se pokou\u0161\u00ed zachra\u0148ovat p\u0159ed n\u011b\u010d\u00edm, o \u010dem je jasn\u011b \u0159e\u010deno, \u017ee bylo vypr\u00e1zdn\u011bno, pora\u017eeno, zni\u010deno a p\u0159etaveno, jedn\u00e1 se nad\u00e1le o \u010dinnost masovou a neust\u00e1lou. Probl\u00e9mem t\u00e9to pozoruhodn\u00e9 a \u00fadajn\u011b bohulib\u00e9 \u010dinnosti, tzv. k\u00e1z\u00e1n\u00ed &#8222;dobr\u00e9&#8220; zpr\u00e1vy, z\u016fst\u00e1v\u00e1 jeho efektivita. \u00dasp\u011b\u0161nost je toti\u017e obrovsky mal\u00e1 &#8211; (co\u017e je \u00fadajn\u011b v po\u0159\u00e1dku, proto\u017ee Bible o tom pr\u00fd mluv\u00ed st\u00e1le, a\u017e na Bonkeho, kter\u00fd spasil celou Afriku, o \u010dem\u017e n\u00e1s denn\u011b jezd\u00ed na \u010dlunech p\u0159esv\u011bd\u010dovat obrovsk\u00e9 po\u010dty mlad\u00fdch mision\u00e1\u0159\u016f, aby se s n\u00e1mi v Evrop\u011b rozd\u011blili o v\u00fdsledc\u00edch tohoto zv\u011bstov\u00e1n\u00ed) &#8211; a tud\u00ed\u017e z toho vypl\u00fdv\u00e1, \u017ee v\u011bt\u0161ina t\u011bch, kte\u0159\u00ed varov\u00e1n\u00ed p\u0159ed peklem sly\u0161\u00ed, do n\u011bj stejn\u011b p\u016fjdou, proto\u017ee tuto \u00fa\u017easnou nab\u00eddku odm\u00edtaj\u00ed. To pouze ukazuje na \u0161\u00edlenost t\u00e9to teorie. Proto\u017ee ka\u017ed\u00fd neevangelizovan\u00fd m\u00e1 statistick\u00fd v\u011bt\u0161\u00ed mo\u017enost se p\u0159ed peklem zachr\u00e1nit, ne\u017e ten, kdo je t\u011bmito evangelisty oslovov\u00e1n. Je toti\u017e zn\u00e1mo, \u017ee kdo sly\u0161el a nezachoval se dle rad t\u011bchto hlasatel\u016f, propadne zajist\u00e9 peklu. Nem\u00e1 toti\u017e v\u00fdmluvu. Na druh\u00e9 stran\u011b hlasatel v\u00fdmluvu m\u00e1, jeliko\u017e ozn\u00e1mil a je tedy vyvin\u011bn od krve t\u011bchto odm\u00edtaj\u00edc\u00edch lid\u00ed. Je t\u00e9\u017e, dle v\u0161eobecn\u00e9ho v\u00fdkladu, zn\u00e1mo, \u017ee ti kdo nesly\u0161eli, budou souzen\u00ed dle sv\u00e9ho sv\u011bdom\u00ed a maj\u00ed tedy p\u0159ed peklem alespo\u0148 n\u011bjakou \u0161anci se zachr\u00e1nit. Z toho jednozna\u010dn\u011b plyne, \u017ee pravd\u011bpodobnost z\u00e1chrany je v\u011bt\u0161\u00ed, kdy\u017e p\u0159ed t\u011bmito rozs\u00e9va\u010di plamen\u016f uprchneme, ne\u017e kdy\u017e jim budeme  naslouchat.<\/p>\n<p>P\u0159\u00e1tel\u00e9, je v\u016fbec mo\u017en\u00e9, aby n\u011bkdo souhlasil s t\u00edmto syst\u00e9mem p\u0159em\u00fd\u0161len\u00ed? Je v\u016fbec mo\u017en\u00e9 se nad t\u00edmto nepozastavit? To p\u0159ece nem\u016f\u017ee b\u00fdt princip osvobozuj\u00edc\u00ed Pravdy.<br \/>\nCo\u017epak nen\u00ed kr\u00e1sn\u00e9, \u017ee dobr\u00e1 zpr\u00e1va m\u016f\u017ee zazn\u00edvat z \u00fapln\u011b jin\u00fdch motiv\u016f a opravdu Bo\u017e\u00edch v\u00fdchodisek? \u017de nastalo sm\u00ed\u0159en\u00ed, \u017ee peklo, smrt a h\u0159\u00edch u\u017e nem\u00e1 vl\u00e1du. \u017de je mo\u017en\u00e9 za\u010d\u00edt s Otcem hovo\u0159it a pozn\u00e1vat dobr\u00e9 v\u011bci. \u017de jsme ve v\u011bku, kdy tato v\u00edt\u011bzn\u00e1 fakta m\u016f\u017eeme spole\u010dn\u011b objevovat a radovat se z nich. \u017de tato v\u00edt\u011bzstv\u00ed m\u016f\u017eeme za\u010d\u00edt \u017e\u00edt u\u017e te\u010f a ne\u010dekat, a\u017e se je i tak jednou dozv\u00edme od P\u00e1na Je\u017e\u00ed\u0161e v nebi.<\/p>\n<p>To jsou v\u011bci, kter\u00e9 m\u011b zaj\u00edmaj\u00ed. To jsou v\u011bci, o kter\u00fdch chci p\u0159em\u00fd\u0161let a pov\u00eddat si o nich s lidmi. To mi d\u00e1v\u00e1 smysl.<\/p>\n","protected":false},"excerpt":{"rendered":"<p>Na ot\u00e1zku, pro\u010d v\u0161ichni k\u0159es\u0165an\u00e9 mus\u00ed k\u00e1zat tzv. evangelium, ka\u017ed\u00fd k\u0159es\u0165an odpov\u00ed: &#8222;Abych zachr\u00e1nil co nejv\u00edc lid\u00ed p\u0159ed peklem&#8220;. Kdy\u017e pomineme, \u017ee se pokou\u0161\u00ed zachra\u0148ovat p\u0159ed n\u011b\u010d\u00edm, o \u010dem je jasn\u011b \u0159e\u010deno, \u017ee bylo vypr\u00e1zdn\u011bno, pora\u017eeno, zni\u010deno a p\u0159etaveno, jedn\u00e1 se nad\u00e1le o \u010dinnost masovou a neust\u00e1lou. Probl\u00e9mem t\u00e9to pozoruhodn\u00e9 [&hellip;]<\/p>\n","protected":false},"author":1,"featured_media":0,"comment_status":"closed","ping_status":"open","sticky":false,"template":"","format":"standard","meta":{"_jetpack_memberships_contains_paid_content":false,"footnotes":""},"categories":[116,113],"tags":[63],"class_list":["post-7698","post","type-post","status-publish","format-standard","hentry","category-universalismus","category-peklo","tag-robert-krejci"],"jetpack_featured_media_url":"","jetpack_sharing_enabled":true,"_links":{"self":[{"href":"https:\/\/sozo.cz\/index.php?rest_route=\/wp\/v2\/posts\/7698","targetHints":{"allow":["GET"]}}],"collection":[{"href":"https:\/\/sozo.cz\/index.php?rest_route=\/wp\/v2\/posts"}],"about":[{"href":"https:\/\/sozo.cz\/index.php?rest_route=\/wp\/v2\/types\/post"}],"author":[{"embeddable":true,"href":"https:\/\/sozo.cz\/index.php?rest_route=\/wp\/v2\/users\/1"}],"replies":[{"embeddable":true,"href":"https:\/\/sozo.cz\/index.php?rest_route=%2Fwp%2Fv2%2Fcomments&post=7698"}],"version-history":[{"count":2,"href":"https:\/\/sozo.cz\/index.php?rest_route=\/wp\/v2\/posts\/7698\/revisions"}],"predecessor-version":[{"id":7714,"href":"https:\/\/sozo.cz\/index.php?rest_route=\/wp\/v2\/posts\/7698\/revisions\/7714"}],"wp:attachment":[{"href":"https:\/\/sozo.cz\/index.php?rest_route=%2Fwp%2Fv2%2Fmedia&parent=7698"}],"wp:term":[{"taxonomy":"category","embeddable":true,"href":"https:\/\/sozo.cz\/index.php?rest_route=%2Fwp%2Fv2%2Fcategories&post=7698"},{"taxonomy":"post_tag","embeddable":true,"href":"https:\/\/sozo.cz\/index.php?rest_route=%2Fwp%2Fv2%2Ftags&post=7698"}],"curies":[{"name":"wp","href":"https:\/\/api.w.org\/{rel}","templated":true}]}}