{"id":7727,"date":"2020-09-19T22:02:35","date_gmt":"2020-09-19T20:02:35","guid":{"rendered":"https:\/\/sozo.cz\/?p=7727"},"modified":"2021-07-10T08:47:22","modified_gmt":"2021-07-10T06:47:22","slug":"zena-pristizena-v-cizolozstvi","status":"publish","type":"post","link":"https:\/\/sozo.cz\/?p=7727","title":{"rendered":"\u017dena p\u0159isti\u017eena v cizolo\u017estv\u00ed"},"content":{"rendered":"\r\n<p>Popis: \u017dena stoj\u00ed p\u0159ed skupinou mu\u017e\u016f, kte\u0159\u00ed ji p\u0159ichytili v cizolo\u017estv\u00ed. Ona je v barv\u011b, oni jsou \u010dernob\u00edl\u00ed, stejn\u011b jako je i cel\u00fd tento &#8222;bu\u010f a nebo&#8220; fundamentalismus, kter\u00fd p\u0159edstavovali.<\/p>\r\n\r\n\r\n\r\n<p>Obr\u00e1zkem jsem cht\u011bl pouk\u00e1zat na kontrast mezi \u017eenou, kter\u00e1 je \u017eiv\u00e1 a barevn\u00e1, a kamenn\u011b chladn\u00fdmi, p\u0159\u00edsn\u011b krut\u00fdmi mu\u017ei, kte\u0159\u00ed ji v cizolo\u017estv\u00ed p\u0159istihli. Ve skute\u010dnosti je v\u0161ak ta \u017eena v\u016fbec nezaj\u00edmala. Tak, jako obvykle byla vyu\u017eita jen jako z\u00e1minka, jako chyt\u00e1k, jako potvrzen\u00ed vlastn\u00edho n\u00e1zoru, jako zp\u016fsob, jak nachytat Je\u017e\u00ed\u0161e.<\/p>\r\n\r\n\r\n\r\n<p>Nakonec ti, kdo z tohoto st\u0159etu ode\u0161li zahanbeni, byli ti mu\u017ei. \u017dena ode\u0161la bez odsouzen\u00ed, sm\u00ed\u0159ena a ve sv\u00e9 d\u016fstojnosti.<\/p>\r\n\r\n\r\n\r\n<p>A kde\u017ee byl ten cizolo\u017en\u00edk? Mo\u017en\u00e1 i on byl jedn\u00edm z t\u011bch, kte\u0159\u00ed ji potupn\u011b p\u0159ivlekli.<\/p>\r\n\r\n\r\n\r\n<figure class=\"wp-block-image size-large\"><img loading=\"lazy\" decoding=\"async\" width=\"480\" height=\"459\" class=\"wp-image-7726\" src=\"https:\/\/sozo.cz\/wp-content\/uploads\/2020\/09\/FB_IMG_1600545686595.jpg\" alt=\"\" srcset=\"https:\/\/sozo.cz\/wp-content\/uploads\/2020\/09\/FB_IMG_1600545686595.jpg 480w, https:\/\/sozo.cz\/wp-content\/uploads\/2020\/09\/FB_IMG_1600545686595-300x287.jpg 300w\" sizes=\"auto, (max-width: 480px) 100vw, 480px\" \/><\/figure>\r\n","protected":false},"excerpt":{"rendered":"<p>Popis: \u017dena stoj\u00ed p\u0159ed skupinou mu\u017e\u016f, kte\u0159\u00ed ji p\u0159ichytili v cizolo\u017estv\u00ed. Ona je v barv\u011b, oni jsou \u010dernob\u00edl\u00ed, stejn\u011b jako je i cel\u00fd tento &#8222;bu\u010f a nebo&#8220; fundamentalismus, kter\u00fd p\u0159edstavovali. Obr\u00e1zkem jsem cht\u011bl pouk\u00e1zat na kontrast mezi \u017eenou, kter\u00e1 je \u017eiv\u00e1 a barevn\u00e1, a kamenn\u011b chladn\u00fdmi, p\u0159\u00edsn\u011b krut\u00fdmi mu\u017ei, kte\u0159\u00ed [&hellip;]<\/p>\n","protected":false},"author":1,"featured_media":0,"comment_status":"closed","ping_status":"open","sticky":false,"template":"","format":"standard","meta":{"_jetpack_memberships_contains_paid_content":false,"footnotes":""},"categories":[112],"tags":[76],"class_list":["post-7727","post","type-post","status-publish","format-standard","hentry","category-nabozenstvi","tag-david-hayward"],"jetpack_featured_media_url":"","jetpack_sharing_enabled":true,"_links":{"self":[{"href":"https:\/\/sozo.cz\/index.php?rest_route=\/wp\/v2\/posts\/7727","targetHints":{"allow":["GET"]}}],"collection":[{"href":"https:\/\/sozo.cz\/index.php?rest_route=\/wp\/v2\/posts"}],"about":[{"href":"https:\/\/sozo.cz\/index.php?rest_route=\/wp\/v2\/types\/post"}],"author":[{"embeddable":true,"href":"https:\/\/sozo.cz\/index.php?rest_route=\/wp\/v2\/users\/1"}],"replies":[{"embeddable":true,"href":"https:\/\/sozo.cz\/index.php?rest_route=%2Fwp%2Fv2%2Fcomments&post=7727"}],"version-history":[{"count":3,"href":"https:\/\/sozo.cz\/index.php?rest_route=\/wp\/v2\/posts\/7727\/revisions"}],"predecessor-version":[{"id":8948,"href":"https:\/\/sozo.cz\/index.php?rest_route=\/wp\/v2\/posts\/7727\/revisions\/8948"}],"wp:attachment":[{"href":"https:\/\/sozo.cz\/index.php?rest_route=%2Fwp%2Fv2%2Fmedia&parent=7727"}],"wp:term":[{"taxonomy":"category","embeddable":true,"href":"https:\/\/sozo.cz\/index.php?rest_route=%2Fwp%2Fv2%2Fcategories&post=7727"},{"taxonomy":"post_tag","embeddable":true,"href":"https:\/\/sozo.cz\/index.php?rest_route=%2Fwp%2Fv2%2Ftags&post=7727"}],"curies":[{"name":"wp","href":"https:\/\/api.w.org\/{rel}","templated":true}]}}