{"id":8643,"date":"2021-03-19T11:46:37","date_gmt":"2021-03-19T10:46:37","guid":{"rendered":"https:\/\/sozo.cz\/?p=8643"},"modified":"2021-03-23T15:19:35","modified_gmt":"2021-03-23T14:19:35","slug":"muzeme-bibli-opravdu-rozumet-32","status":"publish","type":"post","link":"https:\/\/sozo.cz\/?p=8643","title":{"rendered":"M\u016f\u017eeme Bibli opravdu rozum\u011bt? (32)"},"content":{"rendered":"<p>V z\u00e1v\u011bru dev\u00e1t\u00e9 kapitoly epi\u0161toly \u0158\u00edman\u016fm Pavel odkazuje na Sion, tedy vlastn\u011b na napln\u011bn\u00ed proroctv\u00ed z Davidova st\u00e1nku o n\u00e1vratu Izraele z n\u00e1rod\u016f skrze v\u00edru a ochranu p\u0159ed soudem. A tak\u00e9 vypln\u011bn\u00ed slov o t\u011bch, kte\u0159\u00ed k tomuto soudu byli p\u0159edur\u010deni a narazili tak na k\u00e1men \u00farazu \u2013 Je\u017e\u00ed\u0161e Krista (Mesi\u00e1\u0161e).<\/p>\n<p>Jak tedy \u010d\u00edst tento z\u00e1v\u011bre\u010dn\u00fd text?<\/p>\n<p><em>Co na to \u0159ekneme? \u017de pohan\u00e9 (Severn\u00ed Izrael), kte\u0159\u00ed o spravedlnost neusilovali, dos\u00e1hli spravedlnosti, a to spravedlnosti z v\u00edry. Izrael (Ji\u017en\u00ed) usiloval plnit Z\u00e1kon, jen\u017e m\u011bl v\u00e9st ke spravedlnosti, ale tohoto c\u00edle nikdy nedos\u00e1hl. Pro\u010d? Proto\u017ee ji nehledali na z\u00e1klad\u011b v\u00edry, ale na z\u00e1klad\u011b skutk\u016f. Narazili na k\u00e1men \u00farazu, jak je ps\u00e1no: \u201eHle, pokl\u00e1d\u00e1m na Sionu k\u00e1men \u00farazu a sk\u00e1lu pohor\u0161en\u00ed; kdokoli v\u0161ak v n\u011bj v\u011b\u0159\u00ed, se jist\u011b nezklame.\u201c<\/em><\/p>\n<p>V des\u00e1t\u00e9 kapitole Pavel op\u011bt mluv\u00ed o Ji\u017en\u00edm Izraeli, kte\u0159\u00ed horl\u00ed pro Z\u00e1kon, ale Kristus je jeho koncem. Bez Krista, kter\u00e9ho zavrhli, to nejde. Proto tak neust\u00e1l\u00fd Kristocentrismus.<\/p>\n<p>Petr \u0159\u00edk\u00e1: <em>&#8222;A\u0165 si je v\u0161echen lid Izraele jist, \u017ee B\u016fh u\u010dinil P\u00e1nem a Mesi\u00e1\u0161em pr\u00e1v\u011b Je\u017e\u00ed\u0161e, kter\u00e9ho jste uk\u0159i\u017eovali!&#8220; Ta slova je zas\u00e1hla do srdce. Za\u010dali se Petra a ostatn\u00edch apo\u0161tol\u016f pt\u00e1t: &#8222;Co m\u00e1me d\u011blat, brat\u0159i?&#8220; &#8222;\u010ci\u0148te pok\u00e1n\u00ed,&#8220; odpov\u011bd\u011bl Petr, &#8222;a ka\u017ed\u00fd se nechte pok\u0159t\u00edt ve jm\u00e9nu Je\u017e\u00ed\u0161e Krista, aby v\u00e1m byly odpu\u0161t\u011bny h\u0159\u00edchy&#8230;&#8220;<\/em><\/p>\n<p>Jen pozn\u00e1n\u00ed Jeho otv\u00edr\u00e1 cestu k z\u00e1chran\u011b. A zachr\u00e1n\u011bn m\u016f\u017ee b\u00fdt ka\u017ed\u00fd, a\u0165 ten z Ji\u017en\u00edho Izraele nebo ten ze Severn\u00edho, proto\u017ee v Kristu jsou smaz\u00e1ny v\u0161echny rozd\u00edly.<\/p>\n<p>Ale je pot\u0159eba to \u0159\u00edct v\u0161em, a nev\u00edme kolik na to budeme m\u00edt \u010dasu, proto\u017ee Je\u017e\u00ed\u0161 \u0159\u00edk\u00e1: <em>&#8222;Toto evangelium kr\u00e1lovstv\u00ed bude k\u00e1z\u00e1no po cel\u00e9m sv\u011bt\u011b na sv\u011bdectv\u00ed v\u0161em n\u00e1rod\u016fm, a potom p\u0159ijde konec.\u201c<\/em><\/p>\n<p>Jedin\u00e9 co v\u011bd\u011bli bylo, \u017ee ten konec bude n\u011bkdy za jejich generace. A tak\u00e9 to, \u017ee P\u00e1n neot\u00e1l\u00ed s napln\u011bn\u00edm sv\u00fdch slib\u016f, i kdy\u017e si n\u011bkte\u0159\u00ed mysleli, \u017ee prodl\u00edv\u00e1. On ov\u0161em shov\u00edv\u00e1 jim a chce, aby se jich co nejv\u00edc obr\u00e1tilo.<\/p>\n<p>Ale honem, honem, \u017ee\u0148 je mnoh\u00e1, P\u00e1n \u017en\u011b p\u0159ich\u00e1z\u00ed, je t\u0159eba co nejv\u00edc d\u011bln\u00edk\u016f, co nejv\u00edc hlasatel\u016f. A ano, da\u0159\u00ed se to. Po cel\u00e9 zemi se roznesl jejich hlas. Ale lid\u00e9 z Ji\u017en\u00edho kr\u00e1lovstv\u00ed necht\u011bj\u00ed sly\u0161et (v\u00edme \u017ee mnohdy ani nemohou, skrz rou\u0161ku na o\u010d\u00edch, skrz \u0159ekn\u011bme ono vyvolen\u00ed k neusly\u0161en\u00ed).<\/p>\n<p>Pln\u00ed se na nich proroctv\u00ed u\u017e Moj\u017e\u00ed\u0161e, \u017ee ty ztracen\u00e9 kmeny, rozpt\u00fdlen\u00e9 mezi n\u00e1rody, p\u0159ivedou ty hrd\u00e9 Ji\u017eany k \u017e\u00e1rlivosti a k hn\u011bvu.<\/p>\n<p>A Izai\u00e1\u0161 to \u0159\u00edk\u00e1 je\u0161t\u011b drzeji: \u201e<em>Dal jsem se naj\u00edt t\u011bm, kdo m\u011b nehledali, uk\u00e1zal jsem se t\u011bm, kdo o m\u011b nest\u00e1li (Severn\u00ed rozpt\u00fdlen\u00e9 kr\u00e1lovstv\u00ed).\u201c O Izraeli (Ji\u017en\u00edm Izraeli) v\u0161ak \u0159\u00edk\u00e1: \u201ePo cel\u00fd den jsem vztahoval ruce k lidu nev\u011b\u0159\u00edc\u00edmu a vzpurn\u00e9mu.\u201c<\/em><\/p>\n<p><a href=\"https:\/\/sozo.cz\/?p=8650\">Pokra\u010dov\u00e1n\u00ed<\/a><\/p>\n<p><a href=\"https:\/\/sozo.cz\/?p=8625\">P\u0159edchoz\u00ed \u010dl\u00e1nek seri\u00e1lu<\/a><\/p>\n","protected":false},"excerpt":{"rendered":"<p>V z\u00e1v\u011bru dev\u00e1t\u00e9 kapitoly epi\u0161toly \u0158\u00edman\u016fm Pavel odkazuje na Sion, tedy vlastn\u011b na napln\u011bn\u00ed proroctv\u00ed z Davidova st\u00e1nku o n\u00e1vratu Izraele z n\u00e1rod\u016f skrze v\u00edru a ochranu p\u0159ed soudem. A tak\u00e9 vypln\u011bn\u00ed slov o t\u011bch, kte\u0159\u00ed k tomuto soudu byli p\u0159edur\u010deni a narazili tak na k\u00e1men \u00farazu \u2013 Je\u017e\u00ed\u0161e Krista [&hellip;]<\/p>\n","protected":false},"author":1,"featured_media":0,"comment_status":"closed","ping_status":"closed","sticky":false,"template":"","format":"standard","meta":{"_jetpack_memberships_contains_paid_content":false,"footnotes":""},"categories":[120,111,114,154],"tags":[63],"class_list":["post-8643","post","type-post","status-publish","format-standard","hentry","category-70ad","category-zakon","category-posledni_doba","category-serial-muzeme-bibli-opravdu-rozumet","tag-robert-krejci"],"jetpack_featured_media_url":"","jetpack_sharing_enabled":true,"_links":{"self":[{"href":"https:\/\/sozo.cz\/index.php?rest_route=\/wp\/v2\/posts\/8643","targetHints":{"allow":["GET"]}}],"collection":[{"href":"https:\/\/sozo.cz\/index.php?rest_route=\/wp\/v2\/posts"}],"about":[{"href":"https:\/\/sozo.cz\/index.php?rest_route=\/wp\/v2\/types\/post"}],"author":[{"embeddable":true,"href":"https:\/\/sozo.cz\/index.php?rest_route=\/wp\/v2\/users\/1"}],"replies":[{"embeddable":true,"href":"https:\/\/sozo.cz\/index.php?rest_route=%2Fwp%2Fv2%2Fcomments&post=8643"}],"version-history":[{"count":2,"href":"https:\/\/sozo.cz\/index.php?rest_route=\/wp\/v2\/posts\/8643\/revisions"}],"predecessor-version":[{"id":8675,"href":"https:\/\/sozo.cz\/index.php?rest_route=\/wp\/v2\/posts\/8643\/revisions\/8675"}],"wp:attachment":[{"href":"https:\/\/sozo.cz\/index.php?rest_route=%2Fwp%2Fv2%2Fmedia&parent=8643"}],"wp:term":[{"taxonomy":"category","embeddable":true,"href":"https:\/\/sozo.cz\/index.php?rest_route=%2Fwp%2Fv2%2Fcategories&post=8643"},{"taxonomy":"post_tag","embeddable":true,"href":"https:\/\/sozo.cz\/index.php?rest_route=%2Fwp%2Fv2%2Ftags&post=8643"}],"curies":[{"name":"wp","href":"https:\/\/api.w.org\/{rel}","templated":true}]}}